{"id":575,"date":"2015-11-23T07:33:22","date_gmt":"2015-11-23T05:33:22","guid":{"rendered":"http:\/\/www.aica-macedonia.org.mk\/wp\/?p=575"},"modified":"2015-12-04T09:04:00","modified_gmt":"2015-12-04T07:04:00","slug":"the-age-of-catastrophe","status":"publish","type":"post","link":"https:\/\/www.aica-macedonia.org.mk\/wp\/?p=575","title":{"rendered":"The Age of Catastrophe"},"content":{"rendered":"<p>Curated by Melentie Pandilovski and Tom Kohut<\/p>\n<h6>Video Pool Media Arts Centre &amp; Actual Contemporary, Winnipeg, Canada<\/h6>\n<p>13 November \u2013 12 December 2015<\/p>\n<p>&nbsp;<\/p>\n<p>Artists include: Kelly Jaclynn Andres (Montreal); Rick Fisher &amp; Don Rice (Winnipeg); Rafael Lozano-Hemmer (Montreal); Andrew John Milne (Winnipeg); Catherine Richards (Ottawa); Kelly Richardson (Newcastle, UK); David Rokeby (Toronto); Michelle Teran (Berlin); Paul Thomas (Sydney); Jane Tingley (Waterloo); Bill Vorn (Montreal)<\/p>\n<p>&nbsp;<\/p>\n<p>&#8220;One must enter the catastrophe to reap its benefits without suffering its drawbacks. You cannot prohibit the catastrophe, you must surf it.\u201d (Paul Virilio)<\/p>\n<p>&#8220;Catastrophe Theory is \u2013 quite likely \u2013 the first coherent attempt (since Aristotelian logic) to give a theory of analogy. When narrow-minded scientists object to Catastrophe Theory that it gives no more than analogies, or metaphors, they do not realize that they are stating the proper aim of Catastrophe Theory, which is to classify all possible types of analogous situations.&#8221; (Ren\u00e9 Thom)<\/p>\n<p>&nbsp;<\/p>\n<p>It seems right to start an introduction about a project titled The Age of Catastrophe with quotations from Paul Virilio and Ren\u00e9 Thom. Namely, the ever-increasing series of natural and man-made catastrophes in the twentieth and twenty-first centuries deafeningly signify the need for an artistic and cultural response to the very phenomenon of catastrophe. Of course, the notion of catastrophe is not a novel one. The famous Mount Vesuvius eruption in the Bay of Naples in 79 AD that buried Pompeii and Herculaneum has been a source of the imagination and has been referenced amply in the past two millennia.<br \/>\nHowever, as catastrophe is always a novel and unpredictable situation, it is worthwhile pointing to Henri Bergson who claimed that we have to change our way of thinking when facing new objects. Being aware of the difficulty in doing so, he added that \u201cthe idea that, for a new object, we might have to create a new concept, perhaps a new way of thinking, is deeply repugnant to us\u201d (Creative Evolution). And indeed, how are we to determine what is the object of catastrophe? How are we to spatialize it? What happens to the notion of time in times of catastrophe? Is logic always to be followed, or is there room for intuition in the deciphering? After all, \u201cintuition is said to be a mode of sympathy by which one is transported into the interior of any object\u201d (Bergson, The Creative Mind). But can we, in fact, today use the Kantian distinction between intuition from universals? Bergson\u2019s contemporaries such as Benedetto Croce regarded intuition as an organic whole, as a full-on manifestation of consciousness. So what are the sensory and affective constituents of the intuition in order to get deeper insight into the modalities of catastrophe?<br \/>\nLet us begin by untangling the concept of catastrophe by pointing out to clear examples of catastrophe in the twenty-first century, especially in a society where our very existence is dominated by the techno-scientific sector. In terms of natural catastrophes, the 2004 Boxing Day Tsunami was a straight-forward natural catastrophe, similar to the Mount Vesuvius eruption, where Ren\u00e9 Thom\u2019s calculations in Structural Stability and Morphogenesis are of immense interest, but the Fukushima disaster incorporated into itself natural elements as well as the techno-scientific and the biopolitical forces hidden behind the latter (the chosen technology for the nuclear reactors, the technological options foreclosed by these decisions, ecological impacts, the radiation suffered by the rescue teams, cleaners, local populations, etc.). Interestingly enough, although Thom was a mathematician, and catastrophe theory is a branch of bifurcation theory (the study of large phenomena caused by sudden shifts in behaviour arising from small changes in circumstances) in the study of dynamic systems, Thom initially applied catastrophe theory to linguistics. His model thrives on simplicity through the use of multiple and interactive variables in order to apply catastrophe theory to any phenomena whatsoever.<br \/>\nOn the other hand, the three sociological paradigms that define a catastrophe, according to Gilbert, provide useful heuristics: a catastrophe erupts from an outer event; society is made vulnerable by its advent; and social insecurity results. Similarly, Dyregrov tells us that catastrophe strikes suddenly, is unpredictable and uncontrollable, and its effects transcend the time of its occurrence. A catastrophe is particularly indicated by the massive material damage it causes along with the suffering and threat to human identity, dignity and security that comes in its wake.<br \/>\nBut perhaps natural and man-made catastrophes are not so different after all? Virilio has described catastrophe as the original accident, brought forward by us. Its effects ripple far and wide, and it incorporates into itself the representation of all other catastrophes. The very idea of technological progress thus becomes imbued with catastrophic potential, an indication of which is Chernobyl that brought us into the era of global accidents whose consequences are in the realm of the long term. Perhaps Virilio\u2019s words are a distant echo of Heidegger\u2019s dystopian reflections on the catastrophe of technology and his fundamental critique of the technological attitude. And indeed, it is obvious that catastrophes have a huge impact on social, psychological, ethical, economic, political and cultural realms, effectively unifying the natural with the techno-scientific, requiring new modes of regulation, management and control. The price we have to pay for the development of science-technology has only increased the possibilities of catastrophes occurring. And yet no political thinking can cope with the dynamics of the biopolitics involved, and must therefore upgrade itself constantly. As we know, science and technology are not void of ideological-political concerns. In this context, it seems clear that the mirroring of fundamental ideologies has social and economic parameters that will have to be taken into account. The connections between systems of power and systems of knowledge are fundamental to the construction of the reality in which we live, so any challenge to the prevailing ideologies will be met with resistance.<br \/>\nThe role of aesthetics, surprisingly, might be in the presentation of views on catastrophe and the shedding of light on how our Zeitgeist\u2019s understanding of what constitutes a catastrophe has shifted as a whole. \u201cTime\u201d and \u201ctemporality\u201d (lived time) become metaphoric vehicles for art to convey modes of catastrophe. The artists involved in THE AGE OF CATASTROPHE offer responses to the above posed questions of the \u201clived catastrophe\u201d at this point in history, as we experience it in life or via the media. We become fully aware as individuals and as societies of our vulnerability in the face of the next catastrophe lurking around the corner, whose consequences will have to be met. In this context, the artists in this exhibition are presenting current experiential positions in terms of catastrophe perception, some of them inspired by mythic representations of our imaginary, mathematical models, robotic engineering, biopolitical perspectives, post-apocalyptic imagery and evolutionary models of the post-apocalyptic human being.<br \/>\nStill, echoing Heidegger, perhaps the saving power of art (harboured with-in technology) allows for the recapturing of the original essence of science and will provide deep reflection into the phenomena that include combinations of tsunamis and technological disasters, radiation and fiery ashes, blue skies and barren land, scorching ash and napalm?<\/p>\n<p>Dr. Melentie Pandilovski<\/p>\n<p>Photography: Andrew John Milne, <em>Forgotten Futures<\/em>, 2015, photographic emulsion on canvas, laser cut birch and beam splitting mirrors<\/p>\n<p>&nbsp;<\/p>\n<p>&nbsp;<\/p>\n","protected":false},"excerpt":{"rendered":"<p>Curated by Melentie Pandilovski and Tom Kohut Video Pool Media Arts Centre &amp; Actual Contemporary, Winnipeg, Canada 13 November \u2013 12 December 2015 &nbsp; Artists include: Kelly Jaclynn Andres (Montreal); Rick Fisher &amp; Don Rice (Winnipeg); Rafael Lozano-Hemmer (Montreal); Andrew John Milne (Winnipeg); Catherine Richards (Ottawa); Kelly Richardson (Newcastle, UK); David Rokeby (Toronto); Michelle Teran [&hellip;]<\/p>\n","protected":false},"author":1,"featured_media":576,"comment_status":"closed","ping_status":"closed","sticky":false,"template":"","format":"standard","meta":{"_et_pb_use_builder":"","_et_pb_old_content":"","_et_gb_content_width":"","jetpack_post_was_ever_published":false,"_jetpack_newsletter_access":"","_jetpack_dont_email_post_to_subs":false,"_jetpack_newsletter_tier_id":0,"_jetpack_memberships_contains_paywalled_content":false,"_jetpack_memberships_contains_paid_content":false,"footnotes":"","jetpack_publicize_message":"","jetpack_publicize_feature_enabled":true,"jetpack_social_post_already_shared":true,"jetpack_social_options":{"image_generator_settings":{"template":"highway","default_image_id":0,"font":"","enabled":false},"version":2}},"categories":[2],"tags":[],"class_list":["post-575","post","type-post","status-publish","format-standard","has-post-thumbnail","hentry","category-info"],"jetpack_publicize_connections":[],"jetpack_featured_media_url":"https:\/\/www.aica-macedonia.org.mk\/wp\/wp-content\/uploads\/2015\/11\/Milne-Forgotten-Futures-e1446243664293.jpg","jetpack_sharing_enabled":true,"jetpack_shortlink":"https:\/\/wp.me\/p6Umzw-9h","jetpack-related-posts":[{"id":565,"url":"https:\/\/www.aica-macedonia.org.mk\/wp\/?p=565","url_meta":{"origin":575,"position":0},"title":"Marshall McLuhan and Vil\u00e9m Flusser","author":"wp_admin","date":"November 10, 2015","format":false,"excerpt":"Melentie Pandilovski Revisiting McLuhan's and\u00a0Flusser\u2019s influence (...) \u00a0 Video Pool Media Arts Centre in Winnipeg is proud to present the launch of the book \"Marshall McLuhan and Vil\u00e9m Flusser's Communication and Aesthetic Theories Revisited\". This scholarly book of academic analyses and artists\u2019 position papers represents the proceedings of the international\u2026","rel":"","context":"In &quot;\u043f\u0443\u0431\u043b\u0438\u043a\u0430\u0446\u0438\u0438&quot;","block_context":{"text":"\u043f\u0443\u0431\u043b\u0438\u043a\u0430\u0446\u0438\u0438","link":"https:\/\/www.aica-macedonia.org.mk\/wp\/?cat=5"},"img":{"alt_text":"","src":"https:\/\/i0.wp.com\/www.aica-macedonia.org.mk\/wp\/wp-content\/uploads\/2015\/11\/Melentie-McLuhan-Naslovna.jpg?resize=350%2C200&ssl=1","width":350,"height":200},"classes":[]},{"id":1236,"url":"https:\/\/www.aica-macedonia.org.mk\/wp\/?p=1236","url_meta":{"origin":575,"position":1},"title":"\u0421\u0440\u0435\u0434\u0431\u0430 \u0441\u043e \u043d\u043e\u0432\u0430\u0442\u0430 \u0440\u0435\u0430\u043b\u043d\u043e\u0441\u0442: \u0420\u0430\u0437\u0433\u043e\u0432\u043e\u0440 \u0441\u043e \u0411\u043e\u0440\u0438\u0441 \u0413\u0440\u043e\u0458\u0441","author":"wp_admin","date":"April 7, 2022","format":false,"excerpt":"Encountering the new reality Interview with Boris Groys by Mira Gakjina Mira Gakjina: This new issue of The Large Glass is on the topic of \u201cThe New Reality\u201d, a fashionable subject so to say for quite some time. In your writing, you often investigate the terms \u201cnew\u201d and \u201creality\u201d, particularly\u2026","rel":"","context":"In &quot;\u0438\u043d\u0442\u0435\u0440\u0432\u0458\u0443&quot;","block_context":{"text":"\u0438\u043d\u0442\u0435\u0440\u0432\u0458\u0443","link":"https:\/\/www.aica-macedonia.org.mk\/wp\/?cat=3"},"img":{"alt_text":"","src":"https:\/\/i0.wp.com\/www.aica-macedonia.org.mk\/wp\/wp-content\/uploads\/2022\/04\/Groys-1.jpg?resize=350%2C200&ssl=1","width":350,"height":200,"srcset":"https:\/\/i0.wp.com\/www.aica-macedonia.org.mk\/wp\/wp-content\/uploads\/2022\/04\/Groys-1.jpg?resize=350%2C200&ssl=1 1x, https:\/\/i0.wp.com\/www.aica-macedonia.org.mk\/wp\/wp-content\/uploads\/2022\/04\/Groys-1.jpg?resize=525%2C300&ssl=1 1.5x"},"classes":[]},{"id":295,"url":"https:\/\/www.aica-macedonia.org.mk\/wp\/?p=295","url_meta":{"origin":575,"position":2},"title":"\u041c\u0430\u043d\u0447\u0435\u0432\u0441\u043a\u0438","author":"wp_admin","date":"August 24, 2015","format":false,"excerpt":"\u041c\u0430\u0440\u0438\u043d\u0430 \u041a\u043e\u0441\u0442\u043e\u0432\u0430 \u041c\u043e\u043d\u043e\u0433\u0440\u0430\u0444\u0441\u043a\u043e \u0438\u0437\u0434\u0430\u043d\u0438\u0435 \u043d\u0430 Bitsia and Ars Lamina, 2015. \u041f\u0440\u0438\u0440\u0435\u0434\u0438\u043b\u0430 \u041c\u0430\u0440\u0438\u043d\u0430 \u041a\u043e\u0441\u0442\u043e\u0432\u0430. \u201c\u0420\u0430\u0437\u043d\u043e\u0432\u0438\u0434\u043d\u0438 \u0430\u0441\u043f\u0435\u043a\u0442\u0438 \u043d\u0430 \u043e\u043f\u0443\u0441\u043e\u0442 \u043d\u0430 \u041c\u0430\u043d\u0447\u0435\u0432\u0441\u043a\u0438 \u043a\u0430\u043a\u043e \u0444\u0438\u043b\u043c\u0441\u043a\u0438 \u0430\u0432\u0442\u043e\u0440, \u0444\u043e\u0442\u043e\u0433\u0440\u0430\u0444, \u043a\u043e\u043d\u0446\u0435\u043f\u0442\u0443\u0430\u043b\u0435\u043d \u0443\u043c\u0435\u0442\u043d\u0438\u043a \u0438 \u043f\u0438\u0441\u0430\u0442\u0435\u043b \u0432\u043e \u043e\u0432\u0430\u0430 \u043a\u043d\u0438\u0433\u0430 \u0441\u0435 \u0438\u0441\u0442\u0440\u0430\u0436\u0435\u043d\u0438 \u043d\u0438\u0437 \u043f\u0440\u043e\u0434\u043b\u0430\u0431\u043e\u0447\u0435\u043d\u0438 \u0430\u043d\u0430\u043b\u0438\u0437\u0438 \u043d\u0430 \u043e\u0441\u0443\u043c\u043c\u0438\u043d\u0430 \u0444\u0438\u043b\u043c\u0441\u043a\u0438 \u0442\u0435\u043e\u0440\u0435\u0442\u0438\u0447\u0430\u0440\u0438, \u0444\u0438\u043b\u043e\u0437\u043e\u0444\u0438 \u0438 \u0438\u0441\u0442\u043e\u0440\u0438\u0447\u0430\u0440\u0438 \u043d\u0430 \u0443\u043c\u0435\u0442\u043d\u043e\u0441\u0442. \u0417\u0430 \u0441\u043f\u0435\u0446\u0438\u0444\u0438\u043a\u0438\u0442\u0435 \u043d\u0430 \u0444\u0438\u043b\u043c\u0441\u043a\u0438\u043e\u0442 \u0438\u0437\u0440\u0430\u0437 \u043f\u0438\u0448\u0443\u0432\u0430\u2026","rel":"","context":"In &quot;\u043f\u0443\u0431\u043b\u0438\u043a\u0430\u0446\u0438\u0438&quot;","block_context":{"text":"\u043f\u0443\u0431\u043b\u0438\u043a\u0430\u0446\u0438\u0438","link":"https:\/\/www.aica-macedonia.org.mk\/wp\/?cat=5"},"img":{"alt_text":"AICA - Publikacii-Mancevski","src":"https:\/\/i0.wp.com\/www.aica-macedonia.org.mk\/wp\/wp-content\/uploads\/2015\/08\/AICA-Publikacii-Mancevski-227x300.jpg?resize=350%2C200","width":350,"height":200},"classes":[]},{"id":1253,"url":"https:\/\/www.aica-macedonia.org.mk\/wp\/?p=1253","url_meta":{"origin":575,"position":3},"title":"Spectres of Beuyes","author":"wp_admin","date":"April 20, 2022","format":false,"excerpt":"Berlin-based Australian Catherine Nichols appointed Creative Mediator for the 14th edition of Manifesta taking place in Pristina, Kosovo in 2022. She is currently the artistic director of beuys 2021, a year-long centenary programme in the state of North Rhine \u2013 Westphalia dedicated to the artist Joseph Beuys. MoCA Skopje is\u2026","rel":"","context":"In &quot;\u0438\u043d\u0442\u0435\u0440\u0432\u0458\u0443&quot;","block_context":{"text":"\u0438\u043d\u0442\u0435\u0440\u0432\u0458\u0443","link":"https:\/\/www.aica-macedonia.org.mk\/wp\/?cat=3"},"img":{"alt_text":"","src":"https:\/\/i0.wp.com\/www.aica-macedonia.org.mk\/wp\/wp-content\/uploads\/2022\/04\/Catherine-Nichols.jpg?resize=350%2C200&ssl=1","width":350,"height":200,"srcset":"https:\/\/i0.wp.com\/www.aica-macedonia.org.mk\/wp\/wp-content\/uploads\/2022\/04\/Catherine-Nichols.jpg?resize=350%2C200&ssl=1 1x, https:\/\/i0.wp.com\/www.aica-macedonia.org.mk\/wp\/wp-content\/uploads\/2022\/04\/Catherine-Nichols.jpg?resize=525%2C300&ssl=1 1.5x, https:\/\/i0.wp.com\/www.aica-macedonia.org.mk\/wp\/wp-content\/uploads\/2022\/04\/Catherine-Nichols.jpg?resize=700%2C400&ssl=1 2x"},"classes":[]},{"id":636,"url":"https:\/\/www.aica-macedonia.org.mk\/wp\/?p=636","url_meta":{"origin":575,"position":4},"title":"On Productive Shame, Reconciliation, and Agency","author":"wp_admin","date":"January 13, 2016","format":false,"excerpt":"Suzana Milevska (Ed.) Collection of essays, discussions and interviews Texts by Tal Adler, Eva Blimlinger, Andrea B. Braidt, Jasmina Cibic, Das Kollektiv, Zsuzsi Flohr, Eduard Freudmann, T\u00edmea Junghaus, Jakob Krameritsch, Jean-Paul Martinon, Suzana Milevska, Helge Mooshammer, Peter M\u00f6rtenb\u00f6ck, Trevor Ngwane, Karin Schneider, Primrose Sonti, Gayatri Chakravorty Spivak, Working Group Four\u2026","rel":"","context":"In &quot;\u043f\u0443\u0431\u043b\u0438\u043a\u0430\u0446\u0438\u0438&quot;","block_context":{"text":"\u043f\u0443\u0431\u043b\u0438\u043a\u0430\u0446\u0438\u0438","link":"https:\/\/www.aica-macedonia.org.mk\/wp\/?cat=5"},"img":{"alt_text":"","src":"https:\/\/i0.wp.com\/www.aica-macedonia.org.mk\/wp\/wp-content\/uploads\/2016\/01\/16_On_Productive_Shame-Thumb.jpg?resize=350%2C200&ssl=1","width":350,"height":200},"classes":[]},{"id":1720,"url":"https:\/\/www.aica-macedonia.org.mk\/wp\/?p=1720","url_meta":{"origin":575,"position":5},"title":"\u041a\u043e\u043d\u043a\u0443\u0440\u0441 \u0437\u0430 \u0438\u0441\u0442\u0440\u0430\u0436\u0443\u0432\u0430\u0447\u043a\u0438 \u0433\u0440\u0430\u043d\u0442 \u043d\u0430 AICA Int.","author":"wp_admin","date":"September 18, 2025","format":false,"excerpt":"Call for applications for a research grant at the Archives de la critique d'art The International Association of Art Critics (AICA International) and the Archives of the Art Critic (ACA) are accepting applications for a research grant on the history of AICA and its various national sections. This grant is\u2026","rel":"","context":"In &quot;\u0438\u043d\u0444\u043e&quot;","block_context":{"text":"\u0438\u043d\u0444\u043e","link":"https:\/\/www.aica-macedonia.org.mk\/wp\/?cat=2"},"img":{"alt_text":"","src":"https:\/\/i0.wp.com\/www.aica-macedonia.org.mk\/wp\/wp-content\/uploads\/2025\/09\/resarch-call_AICAInt.jpg?resize=350%2C200&ssl=1","width":350,"height":200,"srcset":"https:\/\/i0.wp.com\/www.aica-macedonia.org.mk\/wp\/wp-content\/uploads\/2025\/09\/resarch-call_AICAInt.jpg?resize=350%2C200&ssl=1 1x, https:\/\/i0.wp.com\/www.aica-macedonia.org.mk\/wp\/wp-content\/uploads\/2025\/09\/resarch-call_AICAInt.jpg?resize=525%2C300&ssl=1 1.5x, https:\/\/i0.wp.com\/www.aica-macedonia.org.mk\/wp\/wp-content\/uploads\/2025\/09\/resarch-call_AICAInt.jpg?resize=700%2C400&ssl=1 2x"},"classes":[]}],"_links":{"self":[{"href":"https:\/\/www.aica-macedonia.org.mk\/wp\/index.php?rest_route=\/wp\/v2\/posts\/575","targetHints":{"allow":["GET"]}}],"collection":[{"href":"https:\/\/www.aica-macedonia.org.mk\/wp\/index.php?rest_route=\/wp\/v2\/posts"}],"about":[{"href":"https:\/\/www.aica-macedonia.org.mk\/wp\/index.php?rest_route=\/wp\/v2\/types\/post"}],"author":[{"embeddable":true,"href":"https:\/\/www.aica-macedonia.org.mk\/wp\/index.php?rest_route=\/wp\/v2\/users\/1"}],"replies":[{"embeddable":true,"href":"https:\/\/www.aica-macedonia.org.mk\/wp\/index.php?rest_route=%2Fwp%2Fv2%2Fcomments&post=575"}],"version-history":[{"count":10,"href":"https:\/\/www.aica-macedonia.org.mk\/wp\/index.php?rest_route=\/wp\/v2\/posts\/575\/revisions"}],"predecessor-version":[{"id":601,"href":"https:\/\/www.aica-macedonia.org.mk\/wp\/index.php?rest_route=\/wp\/v2\/posts\/575\/revisions\/601"}],"wp:featuredmedia":[{"embeddable":true,"href":"https:\/\/www.aica-macedonia.org.mk\/wp\/index.php?rest_route=\/wp\/v2\/media\/576"}],"wp:attachment":[{"href":"https:\/\/www.aica-macedonia.org.mk\/wp\/index.php?rest_route=%2Fwp%2Fv2%2Fmedia&parent=575"}],"wp:term":[{"taxonomy":"category","embeddable":true,"href":"https:\/\/www.aica-macedonia.org.mk\/wp\/index.php?rest_route=%2Fwp%2Fv2%2Fcategories&post=575"},{"taxonomy":"post_tag","embeddable":true,"href":"https:\/\/www.aica-macedonia.org.mk\/wp\/index.php?rest_route=%2Fwp%2Fv2%2Ftags&post=575"}],"curies":[{"name":"wp","href":"https:\/\/api.w.org\/{rel}","templated":true}]}}